{"id":8268,"date":"2022-07-20T12:01:41","date_gmt":"2022-07-20T10:01:41","guid":{"rendered":"https:\/\/www.sajo-innovation.de\/blog\/?p=8268"},"modified":"2022-07-21T09:40:34","modified_gmt":"2022-07-21T07:40:34","slug":"weitere-lektionen-aus-der-covid-19-pandemie-teil-2","status":"publish","type":"post","link":"https:\/\/www.sajo-innovation.de\/blog\/de\/weitere-lektionen-aus-der-covid-19-pandemie-teil-2\/","title":{"rendered":"weitere LEKTIONEN aus der COVID-19 Pandemie &#8211; Teil II"},"content":{"rendered":"\n<p style=\"background-color:#043755;color:#f4f8f9\" class=\"has-text-color has-background has-text-align-center\"><strong>20. Juli 2022, Teil II von III<\/strong><\/p>\n\n\n\n<p style=\"background-color:#0a89f0\" class=\"has-text-color has-background has-text-align-center has-very-light-gray-color\">verfasst von Dr. J\u00f6rg Baumann und Dr. Sabine Breun<\/p>\n\n\n\n<p style=\"color:#4b4c4c\" class=\"has-text-color has-text-align-center has-small-font-size\">Der SAJO Blog bietet seit Februar 2020 einen Leitfaden mit aktuellen Informationen und Empfehlungen zur SARS-CoV-2 Pandemie.<\/p>\n\n\n\n<p class=\"has-text-align-center has-small-font-size\">Hinweis: Sie k\u00f6nnen den Text vergr\u00f6\u00dfern oder verkleinern durch STRG+ oder STRG-<\/p>\n\n\n\n<p style=\"background-color:#0af0e2\" class=\"has-background\"><strong>Liebe Leserinnen und liebe Leser,<\/strong><\/p>\n\n\n\n<p>Welche Lektionen nehmen wir aus den letzten 2,5 Jahren mit? Hier eine kleine \u2013 notgedrungen unvollst\u00e4ndige &#8211; Auswahl, Teil II der Serie.<\/p>\n\n\n\n<p class=\"has-background has-small-font-size has-very-light-gray-background-color\">Hinweis: <em>Science<\/em> hat eine Sonderausgabe zu diesem Thema ver\u00f6ffentlicht. Bitte informieren Sie sich: Das sind DIE WISSENSCHAFTLICHEN FAKTEN.<\/p>\n\n\n\n<p>Unsere kurze Aufz\u00e4hlung basiert auf Beobachtungen, wissenschaftlichem Know-how, und auch einfacher Logik.<\/p>\n\n\n\n<p style=\"background-color:#f3904a\" class=\"has-text-color has-background has-very-light-gray-color\">  <strong>Don\u2019t shoot the messenger<\/strong> <\/p>\n\n\n\n<p>F\u00fcr die Pandemie und ihre Folgen waren weder Herr Lauterbach noch Herr Drosten in Deutschland verantwortlich. Sie waren lediglich die \u00dcberbringer der schlechten Nachrichten. Sie daf\u00fcr anzufeinden ist eine gedankenlose Reaktion. <\/p>\n\n\n\n<p style=\"background-color:#f9f9a7\" class=\"has-background\">Ausl\u00f6ser der Pandemie war das Virus SARS-CoV-2. <\/p>\n\n\n\n<p>Verantwortliche f\u00fcr den ungehemmten Verlauf der Pandemie gibt es zu viele, als dass sie benannt werden k\u00f6nnten. Beginnend mit China, dem Ursprungsort der Pandemie; die chinesische Regierung hat dies wochenlang vertuscht und \u00c4rzt\/innen und Wissenschaftler\/innen zum Schweigen gebracht, die Informationen an ihre internationale Gemeinschaft gegeben und Warnungen ausgesprochen hatten. Danach hat die WHO wochenlang die F\u00fc\u00dfe stillgehalten, anstatt umgehend zu warnen. Einflussreiche Politiker (ja, m\u00e4nnlich) v.a. in Nord- und S\u00fcd-Amerika haben die Pandemie kleingeredet. In den westlichen L\u00e4ndern haben Juristen mit aller Macht gegen Impfkampagnen und Maskenpflicht gearbeitet mit der Begr\u00fcndung, dass individuelle Freiheitsrechte verletzt w\u00fcrden. So haben sie verhindert, dass die Pandemie zumindest gebremst werden konnte. <\/p>\n\n\n\n<p>Doch auch wir selbst sind verantwortlich, denn das weiterhin ungebremste Wachstum der menschlichen Bev\u00f6lkerung, der Irrglaube, dass die Wirtschaft st\u00e4ndig wachsen muss, und unser Drang ungebremst zu konsumieren, f\u00fchren dazu, dass weltweit nat\u00fcrlich gewachsene Landschaften vernichtet werden. <\/p>\n\n\n\n<p style=\"background-color:#f9f9a7\" class=\"has-background\">Dadurch kommen viele unbekannte Viren und auch andere Pathogene mit der Menschheit in Kontakt. Die Frage ist nicht, ob es eine n\u00e4chste Pandemie geben wird, sondern wann! Es ist nur eine Frage der Zeit. Diese Entwicklung wird vom Klimawandel und der Erderw\u00e4rmung nur noch befeuert. <\/p>\n\n\n\n<p>Wir denken, dass das jedem\/jeder mittlerweile bewusst ist.<\/p>\n\n\n\n<figure class=\"wp-block-image size-large\"><img fetchpriority=\"high\" decoding=\"async\" width=\"1024\" height=\"120\" src=\"https:\/\/www.sajo-innovation.de\/blog\/wp-content\/uploads\/2020\/08\/Strich-grau-2-1024x120.jpg\" alt=\"\" class=\"wp-image-3134\" srcset=\"https:\/\/www.sajo-innovation.de\/blog\/wp-content\/uploads\/2020\/08\/Strich-grau-2-1024x120.jpg 1024w, https:\/\/www.sajo-innovation.de\/blog\/wp-content\/uploads\/2020\/08\/Strich-grau-2-300x35.jpg 300w, https:\/\/www.sajo-innovation.de\/blog\/wp-content\/uploads\/2020\/08\/Strich-grau-2-768x90.jpg 768w, https:\/\/www.sajo-innovation.de\/blog\/wp-content\/uploads\/2020\/08\/Strich-grau-2.jpg 1171w\" sizes=\"(max-width: 1024px) 100vw, 1024px\" \/><\/figure>\n\n\n\n<p style=\"background-color:#f3904a;color:#f7f9fb\" class=\"has-text-color has-background\"><strong>Egoismus triumphiert, sowohl auf individueller Ebene als auch international<\/strong><\/p>\n\n\n\n<p>Beispiele f\u00fcr individuellen Egoismus gibt es zahllose. Wir beschr\u00e4nken uns auf ein paar Ausw\u00fcchse. Hamsterk\u00e4ufe f\u00fcr Klopapier, Nudeln und Mehl in Deutschland, Wein und K\u00e4se in Frankreich, und in Italien v.a. Wein, zeigen die egoistische Einstellung der Menschen, die zwar in einzelnen Artikeln l\u00e4nderspezifisch ist, aber l\u00e4nder\u00fcbergreifend den gleichen Egoismus an den Tag legt. <\/p>\n\n\n\n<p style=\"background-color:#f9f9a7\" class=\"has-background\">Tats\u00e4chlich gab es nie Versorgungsengp\u00e4sse. <\/p>\n\n\n\n<p><strong>Tiefgreifendere Folgen hatten die Kampagnen der Impf- und Maskengegner. <\/strong>Wenn sich eine Person nicht impfen lassen m\u00f6chte, dann soll das so sein, mit allen Folgen f\u00fcr dieses Individuum. <\/p>\n\n\n\n<p style=\"background-color:#f9f9a7\" class=\"has-background\">Wenn Menschen das Tragen eines Mund-Nasen-Schutzes als Eingriff in die individuelle Freiheit ansehen, dann ist das absurd. <\/p>\n\n\n\n<p>Eine FFP2-Maske ist das Ticket zu einem (fast) unbeschwerten Alltag. Die Heuchelei dieser Mitmenschen kommt jetzt zum Vorschein: Sie beharren auf ihrer Freiheit, Masken zu verweigern. Aber die h\u00e4ssliche Fratze zeigen sie, indem sie Mitmenschen anp\u00f6beln, die sich die Freiheit nehmen, eine Maske zu tragen. <\/p>\n\n\n\n<p>Schauen wir auf den Egoismus auf internationaler Ebene: Die USA verboten den Export von Vakzinen. Das k\u00f6nnen sie tun, um sicherzustellen, dass die eigene Bev\u00f6lkerung vom selbstproduzierten Vakzin profitiert. Doch wenn sie den Export von Vakzinen verhindert, die in Europa entwickelt und produziert wurden, um dann in den USA verpackt zu werden, dann ist das inakzeptabel. Den produzierenden Firmen war das egal, denn die Dosen wurden dann eben in den USA verkauft. <\/p>\n\n\n\n<p style=\"background-color:#f9f9a7\" class=\"has-background\">Tats\u00e4chlich gab es in den Industrienationen keinen Engpass an Impfstoffen.<\/p>\n\n\n\n<p>L\u00e4nder in der EU (allen voran Deutschland) haben mit ihrer Finanzkraft riesige Mengen an Impfdosen aufgekauft. Der Hamster l\u00e4sst gr\u00fc\u00dfen. <strong>\u00c4rmere L\u00e4nder gingen leer aus. Gro\u00dfe Mengen dieser Impfstoffe wurden anschlie\u00dfend nicht gebraucht und vernichtet, anstatt sie rechtzeitig vor dem Verfallsdatum an L\u00e4nder weiterzugeben, die nicht genug Impfstoffe hatten. <\/strong>Die reichen Nationen haben sich weltweit viele Freunde damit gemacht. Wir sind \u00fcber diese Einstellung entsetzt.<\/p>\n\n\n\n<figure class=\"wp-block-image size-large\"><img fetchpriority=\"high\" decoding=\"async\" width=\"1024\" height=\"120\" src=\"https:\/\/www.sajo-innovation.de\/blog\/wp-content\/uploads\/2020\/08\/Strich-grau-2-1024x120.jpg\" alt=\"\" class=\"wp-image-3134\" srcset=\"https:\/\/www.sajo-innovation.de\/blog\/wp-content\/uploads\/2020\/08\/Strich-grau-2-1024x120.jpg 1024w, https:\/\/www.sajo-innovation.de\/blog\/wp-content\/uploads\/2020\/08\/Strich-grau-2-300x35.jpg 300w, https:\/\/www.sajo-innovation.de\/blog\/wp-content\/uploads\/2020\/08\/Strich-grau-2-768x90.jpg 768w, https:\/\/www.sajo-innovation.de\/blog\/wp-content\/uploads\/2020\/08\/Strich-grau-2.jpg 1171w\" sizes=\"(max-width: 1024px) 100vw, 1024px\" \/><\/figure>\n\n\n\n<p style=\"background-color:#f3904a;color:#f4f7f8\" class=\"has-text-color has-background\"><strong>Pandemien zeigen die Schw\u00e4chen\ndes weltweit verzahnten Wirtschaftssystems auf<\/strong><\/p>\n\n\n\n<p>Wenn bestimmte Bauteile von Maschinen, Fahrzeugen, Ger\u00e4ten nur noch dort produziert werden, wo es am billigsten ist, dann zeigt das <strong>die Gier der Hersteller<\/strong> nach gr\u00f6\u00dftm\u00f6glichem Profit, die Gewissenlosigkeit der Ausbeuter vor Ort <strong>und die Ignoranz der Konsumenten.<\/strong><\/p>\n\n\n\n<p style=\"background-color:#f9f9a7\" class=\"has-background\">Auch das Verlegen ganzer\nMedikamentenproduktionen in ein einziges Land ist gef\u00e4hrlich. Kommt es dort zu\nProduktionsproblemen, steht die ganze Weltbev\u00f6lkerung ohne diese Medikamente\nda.<\/p>\n\n\n\n<p>Das Prinzip <em>\u201cjust in time\u201d<\/em>\nist riskant. Es verringert die Lagerkapazit\u00e4t am Endproduktionsort. Doch wenn\nauch nur ein Teil zu sp\u00e4t kommt, steht die gesamte Produktion still.<\/p>\n\n\n\n<p>Die SARS-CoV-2 Pandemie hat dies wieder einmal stark verdeutlicht. Doch lernen Wirtschaft und Politik daraus? Bis jetzt sehen wir hier keinen Lerneffekt. <strong>Wirtschaft und Politik fahren mit Sturheit weiter in die n\u00e4chste Pandemie.<\/strong><\/p>\n\n\n\n<figure class=\"wp-block-image size-large\"><img fetchpriority=\"high\" decoding=\"async\" width=\"1024\" height=\"120\" src=\"https:\/\/www.sajo-innovation.de\/blog\/wp-content\/uploads\/2020\/08\/Strich-grau-2-1024x120.jpg\" alt=\"\" class=\"wp-image-3134\" srcset=\"https:\/\/www.sajo-innovation.de\/blog\/wp-content\/uploads\/2020\/08\/Strich-grau-2-1024x120.jpg 1024w, https:\/\/www.sajo-innovation.de\/blog\/wp-content\/uploads\/2020\/08\/Strich-grau-2-300x35.jpg 300w, https:\/\/www.sajo-innovation.de\/blog\/wp-content\/uploads\/2020\/08\/Strich-grau-2-768x90.jpg 768w, https:\/\/www.sajo-innovation.de\/blog\/wp-content\/uploads\/2020\/08\/Strich-grau-2.jpg 1171w\" sizes=\"(max-width: 1024px) 100vw, 1024px\" \/><\/figure>\n\n\n\n<p style=\"background-color:#f3904a;color:#f4f7f8\" class=\"has-text-color has-background\"><strong>Falschinformationen verbreiten sich schneller und leichter als belastbare Informationen<\/strong> <\/p>\n\n\n\n<p>Dazu tragen nicht nur die sozialen und asozialen Medien bei, sondern leider auch die seri\u00f6se Presse. In Deutschland haben sich die Zeitungsverlage dazu entschieden, ihre gut recherchierten COVID-19 Artikel hinter einer Bezahlschranke zu belassen. Nicht jeder Haushalt in Deutschland kann sich mehrere oder oftmals auch nur ein Zeitungs-Abonnement leisten. <\/p>\n\n\n\n<p style=\"background-color:#f9f9a7\" class=\"has-background\"><strong>So konnten sich viele Menschen nur \u00fcber das Internet informieren, wo Falschinformationen frei erh\u00e4ltlich sind. <\/strong>In der angels\u00e4chsischen Presse war das anders: COVID-19 Artikel wurden frei verf\u00fcgbar gemacht. <\/p>\n\n\n\n<p>Die deutschen Medien wollten dagegen lediglich Geld machen. Zu dieser Gier f\u00e4llt uns nichts mehr ein.<\/p>\n\n\n\n<p>In Deutschland ist jeder Haushalt gesetzlich verpflichtet, an die \u00f6ffentlich-rechtlichen Fernsehsender Beitr\u00e4ge zu bezahlen f\u00fcr einen Bildungs- und Informationsauftrag. <\/p>\n\n\n\n<p style=\"background-color:#f9f9a7\" class=\"has-background\">Wir sehen zu wenige seri\u00f6se Nachrichten und ausf\u00fchrliche Berichterstattungen. <\/p>\n\n\n\n<p>Am Beispiel der Tagesschau um 20:00 Uhr auf dem ARD-Kanal, sieht man eine <strong>magere Auswahl an relevanten Nachrichten<\/strong>, die oftmals die <strong>wichtigen Themen auslassen<\/strong>, daf\u00fcr mindestens die halbe Sendezeit mit Nachrichten aus dem Sport besetzt. <strong>Die Entwicklung der Pandemie wird mittlerweile ausgelassen, die im Sommer an Fahrt aufnimmt und eine besorgniserregende Wende einleitet.<\/strong> <\/p>\n\n\n\n<p style=\"background-color:#f9f9a7\" class=\"has-background\"><strong>Es scheint als w\u00fcrden die Nachrichten nicht mehr informieren, sondern dem Volk lediglich als Unterhaltungsmedium dienen. <\/strong><\/p>\n\n\n\n<p>Das ganze Programm wird aufgef\u00fcllt mit einer Vielfalt an niveaulosen Schrottsendungen, einschlie\u00dflich der sog. deutschen Schlagermusik. <strong>Das Niveau kann niedriger nicht mehr sinken. Daf\u00fcr ist jeder Haushalt in diesem Land verdonnert, Geb\u00fchren zu bezahlen. Diese Betr\u00e4ge k\u00f6nnten an anderen Stellen besser investiert werden. <\/strong><\/p>\n\n\n\n<figure class=\"wp-block-image size-large\"><img fetchpriority=\"high\" decoding=\"async\" width=\"1024\" height=\"120\" src=\"https:\/\/www.sajo-innovation.de\/blog\/wp-content\/uploads\/2020\/08\/Strich-grau-2-1024x120.jpg\" alt=\"\" class=\"wp-image-3134\" srcset=\"https:\/\/www.sajo-innovation.de\/blog\/wp-content\/uploads\/2020\/08\/Strich-grau-2-1024x120.jpg 1024w, https:\/\/www.sajo-innovation.de\/blog\/wp-content\/uploads\/2020\/08\/Strich-grau-2-300x35.jpg 300w, https:\/\/www.sajo-innovation.de\/blog\/wp-content\/uploads\/2020\/08\/Strich-grau-2-768x90.jpg 768w, https:\/\/www.sajo-innovation.de\/blog\/wp-content\/uploads\/2020\/08\/Strich-grau-2.jpg 1171w\" sizes=\"(max-width: 1024px) 100vw, 1024px\" \/><\/figure>\n\n\n\n<p style=\"background-color:#0af0e2\" class=\"has-text-color has-background has-text-align-left has-normal-font-size has-very-dark-gray-color\"><strong> Liebe Leserinnen und Leser,  <\/strong><\/p>\n\n\n\n<p><strong>Zum Abschluss geben wir die Entwicklung der Pandemie wieder: <\/strong><\/p>\n\n\n\n<p>Die Johns Hopkins University verzeichnet heute weltweit \u00fcber 565 Millionen gemeldete Infektionen, mit 6,7 Millionen Neuinfektionen pro Woche, <strong>Tendenz stark ansteigend.<\/strong><\/p>\n\n\n\n<p>Die USA, Frankreich, Deutschland und Italien f\u00fchren die Neuinfektionslisten weltweit an. Deutschland verzeichnet \u00fcber 660.000 Neuinfektionen in der letzten Woche, mit stark steigendem Trend nach oben, auch in den Todeszahlen. <a href=\"https:\/\/coronavirus.jhu.edu\/map.html\">https:\/\/coronavirus.jhu.edu\/map.html<\/a><\/p>\n\n\n\n<p>Der Trend geht mit dem  Virus-Subtyp BA.5 in die Richtung, dass der Immunstatus immer mehr durch das Virus \u00fcberkommen wird. Das Virus ist bei einem hohen Immunschutz des Individuums und der Bev\u00f6lkerung weniger gef\u00e4hrlich, damit weniger t\u00f6dlich. <strong>Damit sch\u00fctzt die Impfung immer noch in den meisten F\u00e4llen vor einem schweren und t\u00f6dlichen Verlauf und ist damit sehr sinnvoll. <\/strong>Doch der Trend geht in die Richtung, dass der Schutz durch Impfung und durchlebter Infektion im Durchschnitt abf\u00e4llt. <\/p>\n\n\n\n<p style=\"background-color:#f9f9a7\" class=\"has-background\"><strong>Auch ein Immunschutz durch Infektion mit fr\u00fcheren Subtyp-Varianten sch\u00fctzt nicht vor den neuen Subtypen. <\/strong><\/p>\n\n\n\n<p class=\"has-background has-very-light-gray-background-color\"><strong>BA.5 und weitere neue Subtypen \u00fcbertragen sich auch im Freien sehr effizient.<\/strong> <strong>Das bedeutet, dass es durchaus sinnvoll ist, auch im Freien eine FFP2-Maske zu tragen, wenn keine Luftbewegung vorhanden ist, und nicht ausreichend Abstand zu anderen Menschen eingehalten werden kann. Ein Abstand von 1,5 m reicht nicht mehr aus. Auch eine kurze Zeit w\u00e4hrend eines Gespr\u00e4ches reicht f\u00fcr eine Ansteckung mittlerweile aus. &nbsp;<\/strong><\/p>\n\n\n\n<p>Passen Sie auf sich auf! Informieren Sie sich auf seri\u00f6sen Kan\u00e4len, und werden Sie \u2013 trotz des Sommers \u2013 nicht nachl\u00e4ssig. <strong>Es w\u00e4re tats\u00e4chlich an der Zeit, die Schutzma\u00dfnahmen wieder anzuziehen.<\/strong> Wir pers\u00f6nlich tragen mittlerweile auch im Freien bei Kontakt mit Menschen FFP2-Masken. Das empfiehlt sich auch beim Einkaufen, auf M\u00e4rkten, in Fu\u00dfg\u00e4ngerzonen und Stra\u00dfenz\u00fcgen, \u00fcberall dort, wo Menschen unterwegs sind, abseits unbelebter Gegenden.<\/p>\n\n\n\n<p>In den n\u00e4chsten Tagen publizieren\nwir den letzten Teil unserer Serie, was wir alle aus der Pandemie lernen\nk\u00f6nnten, wenn wir wollten. Sinnvoll w\u00e4re es allemal.<\/p>\n\n\n\n<p style=\"background-color:#f9f9a7\" class=\"has-background has-text-align-center\">Bleiben Sie gesund und passen Sie\nauf sich auf!<\/p>\n\n\n\n<p style=\"background-color:#0af0e2\" class=\"has-text-color has-background has-text-align-center has-very-dark-gray-color\"><strong>Ihr J\u00f6rg Baumann und Sabine Breun<\/strong><\/p>\n\n\n\n<div class=\"wp-block-image\"><figure class=\"aligncenter size-large is-resized\"><img decoding=\"async\" src=\"https:\/\/www.sajo-innovation.de\/blog\/wp-content\/uploads\/2021\/03\/SJ-1.1.1-1024x600.jpg\" alt=\"\" class=\"wp-image-6193\" width=\"569\" height=\"332\" srcset=\"https:\/\/www.sajo-innovation.de\/blog\/wp-content\/uploads\/2021\/03\/SJ-1.1.1-1024x600.jpg 1024w, https:\/\/www.sajo-innovation.de\/blog\/wp-content\/uploads\/2021\/03\/SJ-1.1.1-300x176.jpg 300w, https:\/\/www.sajo-innovation.de\/blog\/wp-content\/uploads\/2021\/03\/SJ-1.1.1-768x450.jpg 768w, https:\/\/www.sajo-innovation.de\/blog\/wp-content\/uploads\/2021\/03\/SJ-1.1.1.jpg 1209w\" sizes=\"(max-width: 569px) 100vw, 569px\" \/><figcaption>Das Team Dr. J\u00f6rg Baumann und Dr. Sabine Breun, beide Naturwissenschaftler, Virologen, Immunologen und Gr\u00fcnder von SAJO. Beide sind spezialisiert auf Infektionskrankheiten, beide haben internationale Erfahrung und Reputation. Dr. Baumann arbeitet seit den 90er Jahren auf Zoonosen, wie Pathogene die Artenbarriere \u00fcberwinden, Dr. Breun arbeitet seit 2000 an der Interaktion von Viren mit dem Immunsystem. SAJO erm\u00f6glicht neue antivirale Wirkstoffe &#8211; Wirkstoffe einer neuen Generation im Kampf gegen Pandemien.<\/figcaption><\/figure><\/div>\n\n\n\n<div class=\"wp-block-image\"><figure class=\"alignright size-large is-resized\"><img decoding=\"async\" src=\"https:\/\/www.sajo-innovation.de\/blog\/wp-content\/uploads\/2020\/06\/1724_SAJO_Logoentwicklung_Pfade-1024x858.png\" alt=\"\" class=\"wp-image-2337\" width=\"197\" height=\"164\" srcset=\"https:\/\/www.sajo-innovation.de\/blog\/wp-content\/uploads\/2020\/06\/1724_SAJO_Logoentwicklung_Pfade-1024x858.png 1024w, https:\/\/www.sajo-innovation.de\/blog\/wp-content\/uploads\/2020\/06\/1724_SAJO_Logoentwicklung_Pfade-300x251.png 300w, https:\/\/www.sajo-innovation.de\/blog\/wp-content\/uploads\/2020\/06\/1724_SAJO_Logoentwicklung_Pfade-768x643.png 768w, https:\/\/www.sajo-innovation.de\/blog\/wp-content\/uploads\/2020\/06\/1724_SAJO_Logoentwicklung_Pfade-1536x1287.png 1536w, https:\/\/www.sajo-innovation.de\/blog\/wp-content\/uploads\/2020\/06\/1724_SAJO_Logoentwicklung_Pfade-2048x1715.png 2048w\" sizes=\"(max-width: 197px) 100vw, 197px\" \/><\/figure><\/div>\n\n\n\n<p style=\"background-color:#f7bc28;color:#f4f7f8\" class=\"has-text-color has-background has-small-font-size\"><strong>SAJO &#8211; f\u00fcr eine gesunde und bessere Zukunft!<\/strong><\/p>\n\n\n\n<p style=\"color:#f4f7f8\" class=\"has-text-color has-background has-text-align-left has-small-font-size has-luminous-vivid-amber-background-color\"><strong>SAJO ber\u00e4t rund um Infektionskrankheiten. Wir wenden unser Wissen an, das wir aus der Infektionsforschung \u00fcber mehr als 20 Jahre international erarbeitet haben. Wir tun, was wir k\u00f6nnen, um diese Pandemie zu bek\u00e4mpfen.<\/strong> <\/p>\n\n\n\n<figure class=\"wp-block-image size-large\"><img fetchpriority=\"high\" decoding=\"async\" width=\"1024\" height=\"120\" src=\"https:\/\/www.sajo-innovation.de\/blog\/wp-content\/uploads\/2020\/08\/Strich-grau-2-1024x120.jpg\" alt=\"\" class=\"wp-image-3134\" srcset=\"https:\/\/www.sajo-innovation.de\/blog\/wp-content\/uploads\/2020\/08\/Strich-grau-2-1024x120.jpg 1024w, https:\/\/www.sajo-innovation.de\/blog\/wp-content\/uploads\/2020\/08\/Strich-grau-2-300x35.jpg 300w, https:\/\/www.sajo-innovation.de\/blog\/wp-content\/uploads\/2020\/08\/Strich-grau-2-768x90.jpg 768w, https:\/\/www.sajo-innovation.de\/blog\/wp-content\/uploads\/2020\/08\/Strich-grau-2.jpg 1171w\" sizes=\"(max-width: 1024px) 100vw, 1024px\" \/><\/figure>\n\n\n\n<p style=\"background-color:#b36df3;color:#f4f7f9\" class=\"has-text-color has-background has-small-font-size\">Blog post No. 225.  Unser Blog erf\u00e4hrt eine breite Akzeptanz, was uns sehr erfreut, wir teilen gerne unser Wissen. <strong>Bitte empfehlen Sie unseren Blog weiter<\/strong> &#8211; ein informatives Werkzeug im Kampf gegen Pandemien. Wir w\u00fcrden uns auch freuen, wenn unsere Kolleg*innen aus der Medizin und der Politik die von uns \u00fcbernommenen Informationen auch als solche kenntlich machen w\u00fcrden. <\/p>\n\n\n\n<p class=\"has-small-font-size\"><em>(Hinweis: Wir sind keine Mitglieder politischer Parteien oder Religionsgemeinschaften oder von Vereinen. Unabh\u00e4ngigkeit, Souver\u00e4nit\u00e4t und Freiheit sind f\u00fcr uns ein wichtiges Gut. Wir beraten auf unserem Blog rein wissenschaftlich, ohne eigene Interessen und ohne Interessenskonflikt, also uneigenn\u00fctzig. Wir werden daf\u00fcr nicht bezahlt.)<\/em><\/p>\n\n\n\n<figure class=\"wp-block-image size-large\"><img fetchpriority=\"high\" decoding=\"async\" width=\"1024\" height=\"120\" src=\"https:\/\/www.sajo-innovation.de\/blog\/wp-content\/uploads\/2020\/08\/Strich-grau-2-1024x120.jpg\" alt=\"\" class=\"wp-image-3134\" srcset=\"https:\/\/www.sajo-innovation.de\/blog\/wp-content\/uploads\/2020\/08\/Strich-grau-2-1024x120.jpg 1024w, https:\/\/www.sajo-innovation.de\/blog\/wp-content\/uploads\/2020\/08\/Strich-grau-2-300x35.jpg 300w, https:\/\/www.sajo-innovation.de\/blog\/wp-content\/uploads\/2020\/08\/Strich-grau-2-768x90.jpg 768w, https:\/\/www.sajo-innovation.de\/blog\/wp-content\/uploads\/2020\/08\/Strich-grau-2.jpg 1171w\" sizes=\"(max-width: 1024px) 100vw, 1024px\" \/><\/figure>\n\n\n\n<p style=\"color:#fdfdfd\" class=\"has-text-color has-background has-normal-font-size has-luminous-vivid-amber-background-color\"><strong>SAJO&#8217;s Hochtechnologie (das Herz von SAJO) erm\u00f6glicht uns, antivirale und antibakterielle Wirkstoffe der n\u00e4chsten Generation z\u00fcgig zu finden, zu isolieren und zum Medikament zu entwickeln, vorbeugend oder zur Therapie. Das sind SAJO&#8217;s Alleinstellungsmerkmale und St\u00e4rken.<\/strong><\/p>\n\n\n\n<p style=\"background-color:#043755;color:#f4f7f8\" class=\"has-text-color has-background has-text-align-center has-medium-font-size\"><strong>Suchen Sie eine seri\u00f6se, sinnvolle und langfristige Geldanlage? <\/strong><\/p>\n\n\n\n<p style=\"background-color:#043755;color:#f4f7f8\" class=\"has-text-color has-background has-text-align-center has-medium-font-size\"><strong>Geldgeber*innen und Gro\u00dfinvestor*innen, die freiheitlich demokratische Grundprinzipien achten, sind herzlich willkommen, uns zu kontaktieren.<\/strong> <\/p>\n\n\n\n<p style=\"background-color:#043755;color:#f4f7f8\" class=\"has-text-color has-background has-small-font-size\"><strong>#1 Wenn Sie SAJO Antivirals und Antibacterials haben wollen, oder Auftr\u00e4ge an SAJO geben m\u00f6chten, Beratung haben m\u00f6chten, oder in SAJO investieren wollen, dann setzen Sie sich bitte mit uns direkt in Verbindung.<\/strong>  Dazu k\u00f6nnen Sie das Formular auf unserer Homepage verwenden, oder die angegebene Telefonnummer oder email.  <\/p>\n\n\n\n<p style=\"background-color:#043755;color:#f4f7f8\" class=\"has-text-color has-background has-small-font-size\"><strong>#2 Wir werden immer wieder nach Ideen gefragt. Bitte setzen Sie sich auch hier mit uns direkt in Verbindung.<\/strong> <\/p>\n\n\n\n<p style=\"background-color:#b8a0fa\" class=\"has-background has-small-font-size\">Das SAJO Gesch\u00e4ftsmodell: <a href=\"https:\/\/www.sajo-innovation.de\/sajo-Flyer.pdf\" target=\"_blank\" rel=\"noreferrer noopener\" aria-label=\" (opens in a new tab)\">https:\/\/www.sajo-innovation.de\/sajo-Flyer.pdf<\/a><\/p>\n\n\n\n<p style=\"background-color:#f9f9a7;color:#0071a1\" class=\"has-text-color has-background has-small-font-size\"><strong>Besuchen Sie Sabine Breun auf XING <\/strong><a rel=\"noreferrer noopener\" aria-label=\" (opens in a new tab)\" href=\"https:\/\/www.xing.com\/profile\/Sabine_Breun\" target=\"_blank\">https:\/\/www.xing.com\/profile\/Sabine_Breun<\/a> <strong>und J\u00f6rg Baumann auf LinkedIn<\/strong> <a href=\"http:\/\/linkedin.com\/in\/j\u00f6rg-baumann-phd-0710b11a3\" target=\"_blank\" rel=\"noreferrer noopener\" aria-label=\" (opens in a new tab)\">http:\/\/linkedin.com\/in\/j\u00f6rg-baumann-phd-0710b11a3<\/a><\/p>\n","protected":false},"excerpt":{"rendered":"<p>20. Juli 2022, Teil II von III verfasst von Dr. J\u00f6rg Baumann und Dr. Sabine Breun Der SAJO Blog bietet seit Februar 2020 einen Leitfaden mit aktuellen Informationen und Empfehlungen zur SARS-CoV-2 Pandemie. Hinweis: Sie k\u00f6nnen den Text vergr\u00f6\u00dfern oder verkleinern durch STRG+ oder STRG- Liebe Leserinnen und liebe Leser, Welche Lektionen nehmen wir aus [&hellip;]<\/p>\n","protected":false},"author":3,"featured_media":129,"comment_status":"open","ping_status":"open","sticky":false,"template":"","format":"standard","meta":{"footnotes":""},"categories":[30],"tags":[1179,1180,961,1100,1088,983,965,1182,1177,1176,1173,51,986,1181,1169,1174,65,332,55,54,1175,985,63,975,440,75,106,296,330,53,796,1178,317,82,1081],"acf":[],"_links":{"self":[{"href":"https:\/\/www.sajo-innovation.de\/blog\/de\/wp-json\/wp\/v2\/posts\/8268"}],"collection":[{"href":"https:\/\/www.sajo-innovation.de\/blog\/de\/wp-json\/wp\/v2\/posts"}],"about":[{"href":"https:\/\/www.sajo-innovation.de\/blog\/de\/wp-json\/wp\/v2\/types\/post"}],"author":[{"embeddable":true,"href":"https:\/\/www.sajo-innovation.de\/blog\/de\/wp-json\/wp\/v2\/users\/3"}],"replies":[{"embeddable":true,"href":"https:\/\/www.sajo-innovation.de\/blog\/de\/wp-json\/wp\/v2\/comments?post=8268"}],"version-history":[{"count":37,"href":"https:\/\/www.sajo-innovation.de\/blog\/de\/wp-json\/wp\/v2\/posts\/8268\/revisions"}],"predecessor-version":[{"id":8327,"href":"https:\/\/www.sajo-innovation.de\/blog\/de\/wp-json\/wp\/v2\/posts\/8268\/revisions\/8327"}],"wp:featuredmedia":[{"embeddable":true,"href":"https:\/\/www.sajo-innovation.de\/blog\/de\/wp-json\/wp\/v2\/media\/129"}],"wp:attachment":[{"href":"https:\/\/www.sajo-innovation.de\/blog\/de\/wp-json\/wp\/v2\/media?parent=8268"}],"wp:term":[{"taxonomy":"category","embeddable":true,"href":"https:\/\/www.sajo-innovation.de\/blog\/de\/wp-json\/wp\/v2\/categories?post=8268"},{"taxonomy":"post_tag","embeddable":true,"href":"https:\/\/www.sajo-innovation.de\/blog\/de\/wp-json\/wp\/v2\/tags?post=8268"}],"curies":[{"name":"wp","href":"https:\/\/api.w.org\/{rel}","templated":true}]}}